{"id":12381,"date":"2018-03-12T12:55:05","date_gmt":"2018-03-12T11:55:05","guid":{"rendered":"https:\/\/www.biowallonie.com\/acteursbio\/ferme-du-vivrou\/"},"modified":"2023-10-20T13:47:39","modified_gmt":"2023-10-20T11:47:39","slug":"ferme-du-vivrou","status":"publish","type":"post","link":"https:\/\/www.biowallonie.com\/acteursbio\/ferme-du-vivrou\/","title":{"rendered":"Ferme du Vivrou"},"content":{"rendered":"<p>bovins<br \/>\nherbe et foin<br \/>\nm\u00e9lange c\u00e9r\u00e9ales<br \/>\novins<br \/>\nporc<\/p>\n","protected":false},"excerpt":{"rendered":"<p>bovins herbe et foin m\u00e9lange c\u00e9r\u00e9ales ovins porc<\/p>\n","protected":false},"author":6,"featured_media":0,"parent":0,"comment_status":"closed","ping_status":"closed","sticky":false,"template":"","format":"standard","meta":{"_acf_changed":false,"_monsterinsights_skip_tracking":false,"_monsterinsights_sitenote_active":false,"_monsterinsights_sitenote_note":"","_monsterinsights_sitenote_category":0,"footnotes":""},"categories":[1],"tags":[],"class_list":["post-12381","post","type-post","status-publish","format-standard","hentry","category-non-classe","province-luxembourg","ville-6983-ortho","acteurs-producteur","odc-certisys","produits-bovins","produits-ovins","produits-porcins","type-elevage-bovins-viande","type-elevage-ovins-viande","type-elevage-porcins","type-culture-cultures-fourrageres","type-culture-maraichage","cp-11112","villes-ortho"],"acf":[],"yoast_head":"<!-- This site is optimized with the Yoast SEO plugin v25.9 - https:\/\/yoast.com\/wordpress\/plugins\/seo\/ -->\n<title>Ferme du Vivrou - Les acteurs du bio<\/title>\n<meta name=\"robots\" content=\"index, follow, max-snippet:-1, max-image-preview:large, max-video-preview:-1\" \/>\n<link rel=\"canonical\" href=\"https:\/\/preprod.web.biolan\/acteursbio\/ferme-du-vivrou\/\" \/>\n<meta property=\"og:locale\" content=\"fr_FR\" \/>\n<meta property=\"og:type\" content=\"article\" \/>\n<meta property=\"og:title\" content=\"Ferme du Vivrou - Les acteurs du bio\" \/>\n<meta property=\"og:description\" content=\"bovins herbe et foin m\u00e9lange c\u00e9r\u00e9ales ovins porc\" \/>\n<meta property=\"og:url\" content=\"https:\/\/preprod.web.biolan\/acteursbio\/ferme-du-vivrou\/\" \/>\n<meta property=\"og:site_name\" content=\"Les acteurs du bio\" \/>\n<meta property=\"article:publisher\" content=\"https:\/\/www.facebook.com\/biowallonie\/\" \/>\n<meta property=\"article:published_time\" content=\"2018-03-12T11:55:05+00:00\" \/>\n<meta property=\"article:modified_time\" content=\"2023-10-20T11:47:39+00:00\" \/>\n<meta name=\"author\" content=\"mkadmin\" \/>\n<meta name=\"twitter:card\" content=\"summary_large_image\" \/>\n<meta name=\"twitter:label1\" content=\"\u00c9crit par\" \/>\n\t<meta name=\"twitter:data1\" content=\"mkadmin\" \/>\n\t<meta name=\"twitter:label2\" content=\"Dur\u00e9e de lecture estim\u00e9e\" \/>\n\t<meta name=\"twitter:data2\" content=\"1 minute\" \/>\n<script type=\"application\/ld+json\" class=\"yoast-schema-graph\">{\"@context\":\"https:\/\/schema.org\",\"@graph\":[{\"@type\":\"WebPage\",\"@id\":\"https:\/\/preprod.web.biolan\/acteursbio\/ferme-du-vivrou\/\",\"url\":\"https:\/\/preprod.web.biolan\/acteursbio\/ferme-du-vivrou\/\",\"name\":\"Ferme du Vivrou - Les acteurs du bio\",\"isPartOf\":{\"@id\":\"https:\/\/www.biowallonie.com\/acteursbio\/#website\"},\"datePublished\":\"2018-03-12T11:55:05+00:00\",\"dateModified\":\"2023-10-20T11:47:39+00:00\",\"author\":{\"@id\":\"https:\/\/www.biowallonie.com\/acteursbio\/#\/schema\/person\/6748072d52cc8d29e663b4fbc5d6b2da\"},\"breadcrumb\":{\"@id\":\"https:\/\/preprod.web.biolan\/acteursbio\/ferme-du-vivrou\/#breadcrumb\"},\"inLanguage\":\"fr-FR\",\"potentialAction\":[{\"@type\":\"ReadAction\",\"target\":[\"https:\/\/preprod.web.biolan\/acteursbio\/ferme-du-vivrou\/\"]}]},{\"@type\":\"BreadcrumbList\",\"@id\":\"https:\/\/preprod.web.biolan\/acteursbio\/ferme-du-vivrou\/#breadcrumb\",\"itemListElement\":[{\"@type\":\"ListItem\",\"position\":1,\"name\":\"Accueil\",\"item\":\"https:\/\/www.biowallonie.com\/acteursbio\/\"},{\"@type\":\"ListItem\",\"position\":2,\"name\":\"Ferme du Vivrou\"}]},{\"@type\":\"WebSite\",\"@id\":\"https:\/\/www.biowallonie.com\/acteursbio\/#website\",\"url\":\"https:\/\/www.biowallonie.com\/acteursbio\/\",\"name\":\"Les acteurs du bio\",\"description\":\"Biowallonie\",\"potentialAction\":[{\"@type\":\"SearchAction\",\"target\":{\"@type\":\"EntryPoint\",\"urlTemplate\":\"https:\/\/www.biowallonie.com\/acteursbio\/?s={search_term_string}\"},\"query-input\":{\"@type\":\"PropertyValueSpecification\",\"valueRequired\":true,\"valueName\":\"search_term_string\"}}],\"inLanguage\":\"fr-FR\"},{\"@type\":\"Person\",\"@id\":\"https:\/\/www.biowallonie.com\/acteursbio\/#\/schema\/person\/6748072d52cc8d29e663b4fbc5d6b2da\",\"name\":\"mkadmin\"}]}<\/script>\n<!-- \/ Yoast SEO plugin. -->","yoast_head_json":{"title":"Ferme du Vivrou - Les acteurs du bio","robots":{"index":"index","follow":"follow","max-snippet":"max-snippet:-1","max-image-preview":"max-image-preview:large","max-video-preview":"max-video-preview:-1"},"canonical":"https:\/\/preprod.web.biolan\/acteursbio\/ferme-du-vivrou\/","og_locale":"fr_FR","og_type":"article","og_title":"Ferme du Vivrou - Les acteurs du bio","og_description":"bovins herbe et foin m\u00e9lange c\u00e9r\u00e9ales ovins porc","og_url":"https:\/\/preprod.web.biolan\/acteursbio\/ferme-du-vivrou\/","og_site_name":"Les acteurs du bio","article_publisher":"https:\/\/www.facebook.com\/biowallonie\/","article_published_time":"2018-03-12T11:55:05+00:00","article_modified_time":"2023-10-20T11:47:39+00:00","author":"mkadmin","twitter_card":"summary_large_image","twitter_misc":{"\u00c9crit par":"mkadmin","Dur\u00e9e de lecture estim\u00e9e":"1 minute"},"schema":{"@context":"https:\/\/schema.org","@graph":[{"@type":"WebPage","@id":"https:\/\/preprod.web.biolan\/acteursbio\/ferme-du-vivrou\/","url":"https:\/\/preprod.web.biolan\/acteursbio\/ferme-du-vivrou\/","name":"Ferme du Vivrou - Les acteurs du bio","isPartOf":{"@id":"https:\/\/www.biowallonie.com\/acteursbio\/#website"},"datePublished":"2018-03-12T11:55:05+00:00","dateModified":"2023-10-20T11:47:39+00:00","author":{"@id":"https:\/\/www.biowallonie.com\/acteursbio\/#\/schema\/person\/6748072d52cc8d29e663b4fbc5d6b2da"},"breadcrumb":{"@id":"https:\/\/preprod.web.biolan\/acteursbio\/ferme-du-vivrou\/#breadcrumb"},"inLanguage":"fr-FR","potentialAction":[{"@type":"ReadAction","target":["https:\/\/preprod.web.biolan\/acteursbio\/ferme-du-vivrou\/"]}]},{"@type":"BreadcrumbList","@id":"https:\/\/preprod.web.biolan\/acteursbio\/ferme-du-vivrou\/#breadcrumb","itemListElement":[{"@type":"ListItem","position":1,"name":"Accueil","item":"https:\/\/www.biowallonie.com\/acteursbio\/"},{"@type":"ListItem","position":2,"name":"Ferme du Vivrou"}]},{"@type":"WebSite","@id":"https:\/\/www.biowallonie.com\/acteursbio\/#website","url":"https:\/\/www.biowallonie.com\/acteursbio\/","name":"Les acteurs du bio","description":"Biowallonie","potentialAction":[{"@type":"SearchAction","target":{"@type":"EntryPoint","urlTemplate":"https:\/\/www.biowallonie.com\/acteursbio\/?s={search_term_string}"},"query-input":{"@type":"PropertyValueSpecification","valueRequired":true,"valueName":"search_term_string"}}],"inLanguage":"fr-FR"},{"@type":"Person","@id":"https:\/\/www.biowallonie.com\/acteursbio\/#\/schema\/person\/6748072d52cc8d29e663b4fbc5d6b2da","name":"mkadmin"}]}},"_links":{"self":[{"href":"https:\/\/www.biowallonie.com\/acteursbio\/wp-json\/wp\/v2\/posts\/12381","targetHints":{"allow":["GET"]}}],"collection":[{"href":"https:\/\/www.biowallonie.com\/acteursbio\/wp-json\/wp\/v2\/posts"}],"about":[{"href":"https:\/\/www.biowallonie.com\/acteursbio\/wp-json\/wp\/v2\/types\/post"}],"author":[{"embeddable":true,"href":"https:\/\/www.biowallonie.com\/acteursbio\/wp-json\/wp\/v2\/users\/6"}],"replies":[{"embeddable":true,"href":"https:\/\/www.biowallonie.com\/acteursbio\/wp-json\/wp\/v2\/comments?post=12381"}],"version-history":[{"count":8,"href":"https:\/\/www.biowallonie.com\/acteursbio\/wp-json\/wp\/v2\/posts\/12381\/revisions"}],"predecessor-version":[{"id":43970,"href":"https:\/\/www.biowallonie.com\/acteursbio\/wp-json\/wp\/v2\/posts\/12381\/revisions\/43970"}],"wp:attachment":[{"href":"https:\/\/www.biowallonie.com\/acteursbio\/wp-json\/wp\/v2\/media?parent=12381"}],"wp:term":[{"taxonomy":"category","embeddable":true,"href":"https:\/\/www.biowallonie.com\/acteursbio\/wp-json\/wp\/v2\/categories?post=12381"},{"taxonomy":"post_tag","embeddable":true,"href":"https:\/\/www.biowallonie.com\/acteursbio\/wp-json\/wp\/v2\/tags?post=12381"}],"curies":[{"name":"wp","href":"https:\/\/api.w.org\/{rel}","templated":true}]}}