{"id":12279,"date":"2018-03-12T12:48:57","date_gmt":"2018-03-12T11:48:57","guid":{"rendered":"https:\/\/www.biowallonie.com\/acteursbio\/centre-des-technologies-agronomiques-mcf\/"},"modified":"2022-10-26T09:21:34","modified_gmt":"2022-10-26T07:21:34","slug":"centre-des-technologies-agronomiques-mcf","status":"publish","type":"post","link":"https:\/\/www.biowallonie.com\/acteursbio\/centre-des-technologies-agronomiques-mcf\/","title":{"rendered":"Centre des Technologies Agronomiques MCF"},"content":{"rendered":"<p>PRODUITS BIOLOGIQUES : Production 2019<br \/>\nPrairie temporaire (5,00 ha)<\/p>\n<p>PRODUITS EN 2i\u00e8me ANNEE DE CONVERSION :<br \/>\nM\u00e9lange c\u00e9r\u00e9ales et\/ou l\u00e9gumineuses (2,8 ha)<br \/>\nOrge d\u2019hiver (2,2 ha) <\/p>\n","protected":false},"excerpt":{"rendered":"<p>PRODUITS BIOLOGIQUES : Production 2019 Prairie temporaire (5,00 ha) PRODUITS EN 2i\u00e8me ANNEE DE CONVERSION : M\u00e9lange c\u00e9r\u00e9ales et\/ou l\u00e9gumineuses (2,8 ha) Orge d\u2019hiver (2,2 ha)<\/p>\n","protected":false},"author":1103,"featured_media":0,"parent":0,"comment_status":"closed","ping_status":"closed","sticky":false,"template":"","format":"standard","meta":{"_acf_changed":false,"_monsterinsights_skip_tracking":false,"_monsterinsights_sitenote_active":false,"_monsterinsights_sitenote_note":"","_monsterinsights_sitenote_category":0,"footnotes":""},"categories":[1],"tags":[],"class_list":["post-12279","post","type-post","status-publish","format-standard","hentry","category-non-classe","province-liege","ville-4577-stree","acteurs-producteur","odc-quality-partner","produits-grandes-cultures","cp-10801","villes-stree"],"acf":[],"yoast_head":"<!-- This site is optimized with the Yoast SEO plugin v25.9 - https:\/\/yoast.com\/wordpress\/plugins\/seo\/ -->\n<title>Centre des Technologies Agronomiques MCF - Les acteurs du bio<\/title>\n<meta name=\"robots\" content=\"index, follow, max-snippet:-1, max-image-preview:large, max-video-preview:-1\" \/>\n<link rel=\"canonical\" href=\"https:\/\/preprod.web.biolan\/acteursbio\/centre-des-technologies-agronomiques-mcf\/\" \/>\n<meta property=\"og:locale\" content=\"fr_FR\" \/>\n<meta property=\"og:type\" content=\"article\" \/>\n<meta property=\"og:title\" content=\"Centre des Technologies Agronomiques MCF - Les acteurs du bio\" \/>\n<meta property=\"og:description\" content=\"PRODUITS BIOLOGIQUES : Production 2019 Prairie temporaire (5,00 ha) PRODUITS EN 2i\u00e8me ANNEE DE CONVERSION : M\u00e9lange c\u00e9r\u00e9ales et\/ou l\u00e9gumineuses (2,8 ha) Orge d\u2019hiver (2,2 ha)\" \/>\n<meta property=\"og:url\" content=\"https:\/\/preprod.web.biolan\/acteursbio\/centre-des-technologies-agronomiques-mcf\/\" \/>\n<meta property=\"og:site_name\" content=\"Les acteurs du bio\" \/>\n<meta property=\"article:publisher\" content=\"https:\/\/www.facebook.com\/biowallonie\/\" \/>\n<meta property=\"article:published_time\" content=\"2018-03-12T11:48:57+00:00\" \/>\n<meta property=\"article:modified_time\" content=\"2022-10-26T07:21:34+00:00\" \/>\n<meta name=\"author\" content=\"agriculture@cta-stree.be\" \/>\n<meta name=\"twitter:card\" content=\"summary_large_image\" \/>\n<meta name=\"twitter:label1\" content=\"\u00c9crit par\" \/>\n\t<meta name=\"twitter:data1\" content=\"agriculture@cta-stree.be\" \/>\n<script type=\"application\/ld+json\" class=\"yoast-schema-graph\">{\"@context\":\"https:\/\/schema.org\",\"@graph\":[{\"@type\":\"WebPage\",\"@id\":\"https:\/\/preprod.web.biolan\/acteursbio\/centre-des-technologies-agronomiques-mcf\/\",\"url\":\"https:\/\/preprod.web.biolan\/acteursbio\/centre-des-technologies-agronomiques-mcf\/\",\"name\":\"Centre des Technologies Agronomiques MCF - Les acteurs du bio\",\"isPartOf\":{\"@id\":\"https:\/\/www.biowallonie.com\/acteursbio\/#website\"},\"datePublished\":\"2018-03-12T11:48:57+00:00\",\"dateModified\":\"2022-10-26T07:21:34+00:00\",\"author\":{\"@id\":\"https:\/\/www.biowallonie.com\/acteursbio\/#\/schema\/person\/3ee3582c33f6bf79535a4fea2f539bbd\"},\"breadcrumb\":{\"@id\":\"https:\/\/preprod.web.biolan\/acteursbio\/centre-des-technologies-agronomiques-mcf\/#breadcrumb\"},\"inLanguage\":\"fr-FR\",\"potentialAction\":[{\"@type\":\"ReadAction\",\"target\":[\"https:\/\/preprod.web.biolan\/acteursbio\/centre-des-technologies-agronomiques-mcf\/\"]}]},{\"@type\":\"BreadcrumbList\",\"@id\":\"https:\/\/preprod.web.biolan\/acteursbio\/centre-des-technologies-agronomiques-mcf\/#breadcrumb\",\"itemListElement\":[{\"@type\":\"ListItem\",\"position\":1,\"name\":\"Accueil\",\"item\":\"https:\/\/www.biowallonie.com\/acteursbio\/\"},{\"@type\":\"ListItem\",\"position\":2,\"name\":\"Centre des Technologies Agronomiques MCF\"}]},{\"@type\":\"WebSite\",\"@id\":\"https:\/\/www.biowallonie.com\/acteursbio\/#website\",\"url\":\"https:\/\/www.biowallonie.com\/acteursbio\/\",\"name\":\"Les acteurs du bio\",\"description\":\"Biowallonie\",\"potentialAction\":[{\"@type\":\"SearchAction\",\"target\":{\"@type\":\"EntryPoint\",\"urlTemplate\":\"https:\/\/www.biowallonie.com\/acteursbio\/?s={search_term_string}\"},\"query-input\":{\"@type\":\"PropertyValueSpecification\",\"valueRequired\":true,\"valueName\":\"search_term_string\"}}],\"inLanguage\":\"fr-FR\"},{\"@type\":\"Person\",\"@id\":\"https:\/\/www.biowallonie.com\/acteursbio\/#\/schema\/person\/3ee3582c33f6bf79535a4fea2f539bbd\",\"name\":\"agriculture@cta-stree.be\",\"description\":\"Centre des Technologies Agronomiques MCF\"}]}<\/script>\n<!-- \/ Yoast SEO plugin. -->","yoast_head_json":{"title":"Centre des Technologies Agronomiques MCF - Les acteurs du bio","robots":{"index":"index","follow":"follow","max-snippet":"max-snippet:-1","max-image-preview":"max-image-preview:large","max-video-preview":"max-video-preview:-1"},"canonical":"https:\/\/preprod.web.biolan\/acteursbio\/centre-des-technologies-agronomiques-mcf\/","og_locale":"fr_FR","og_type":"article","og_title":"Centre des Technologies Agronomiques MCF - Les acteurs du bio","og_description":"PRODUITS BIOLOGIQUES : Production 2019 Prairie temporaire (5,00 ha) PRODUITS EN 2i\u00e8me ANNEE DE CONVERSION : M\u00e9lange c\u00e9r\u00e9ales et\/ou l\u00e9gumineuses (2,8 ha) Orge d\u2019hiver (2,2 ha)","og_url":"https:\/\/preprod.web.biolan\/acteursbio\/centre-des-technologies-agronomiques-mcf\/","og_site_name":"Les acteurs du bio","article_publisher":"https:\/\/www.facebook.com\/biowallonie\/","article_published_time":"2018-03-12T11:48:57+00:00","article_modified_time":"2022-10-26T07:21:34+00:00","author":"agriculture@cta-stree.be","twitter_card":"summary_large_image","twitter_misc":{"\u00c9crit par":"agriculture@cta-stree.be"},"schema":{"@context":"https:\/\/schema.org","@graph":[{"@type":"WebPage","@id":"https:\/\/preprod.web.biolan\/acteursbio\/centre-des-technologies-agronomiques-mcf\/","url":"https:\/\/preprod.web.biolan\/acteursbio\/centre-des-technologies-agronomiques-mcf\/","name":"Centre des Technologies Agronomiques MCF - Les acteurs du bio","isPartOf":{"@id":"https:\/\/www.biowallonie.com\/acteursbio\/#website"},"datePublished":"2018-03-12T11:48:57+00:00","dateModified":"2022-10-26T07:21:34+00:00","author":{"@id":"https:\/\/www.biowallonie.com\/acteursbio\/#\/schema\/person\/3ee3582c33f6bf79535a4fea2f539bbd"},"breadcrumb":{"@id":"https:\/\/preprod.web.biolan\/acteursbio\/centre-des-technologies-agronomiques-mcf\/#breadcrumb"},"inLanguage":"fr-FR","potentialAction":[{"@type":"ReadAction","target":["https:\/\/preprod.web.biolan\/acteursbio\/centre-des-technologies-agronomiques-mcf\/"]}]},{"@type":"BreadcrumbList","@id":"https:\/\/preprod.web.biolan\/acteursbio\/centre-des-technologies-agronomiques-mcf\/#breadcrumb","itemListElement":[{"@type":"ListItem","position":1,"name":"Accueil","item":"https:\/\/www.biowallonie.com\/acteursbio\/"},{"@type":"ListItem","position":2,"name":"Centre des Technologies Agronomiques MCF"}]},{"@type":"WebSite","@id":"https:\/\/www.biowallonie.com\/acteursbio\/#website","url":"https:\/\/www.biowallonie.com\/acteursbio\/","name":"Les acteurs du bio","description":"Biowallonie","potentialAction":[{"@type":"SearchAction","target":{"@type":"EntryPoint","urlTemplate":"https:\/\/www.biowallonie.com\/acteursbio\/?s={search_term_string}"},"query-input":{"@type":"PropertyValueSpecification","valueRequired":true,"valueName":"search_term_string"}}],"inLanguage":"fr-FR"},{"@type":"Person","@id":"https:\/\/www.biowallonie.com\/acteursbio\/#\/schema\/person\/3ee3582c33f6bf79535a4fea2f539bbd","name":"agriculture@cta-stree.be","description":"Centre des Technologies Agronomiques MCF"}]}},"_links":{"self":[{"href":"https:\/\/www.biowallonie.com\/acteursbio\/wp-json\/wp\/v2\/posts\/12279","targetHints":{"allow":["GET"]}}],"collection":[{"href":"https:\/\/www.biowallonie.com\/acteursbio\/wp-json\/wp\/v2\/posts"}],"about":[{"href":"https:\/\/www.biowallonie.com\/acteursbio\/wp-json\/wp\/v2\/types\/post"}],"author":[{"embeddable":true,"href":"https:\/\/www.biowallonie.com\/acteursbio\/wp-json\/wp\/v2\/users\/1103"}],"replies":[{"embeddable":true,"href":"https:\/\/www.biowallonie.com\/acteursbio\/wp-json\/wp\/v2\/comments?post=12279"}],"version-history":[{"count":2,"href":"https:\/\/www.biowallonie.com\/acteursbio\/wp-json\/wp\/v2\/posts\/12279\/revisions"}],"predecessor-version":[{"id":31879,"href":"https:\/\/www.biowallonie.com\/acteursbio\/wp-json\/wp\/v2\/posts\/12279\/revisions\/31879"}],"wp:attachment":[{"href":"https:\/\/www.biowallonie.com\/acteursbio\/wp-json\/wp\/v2\/media?parent=12279"}],"wp:term":[{"taxonomy":"category","embeddable":true,"href":"https:\/\/www.biowallonie.com\/acteursbio\/wp-json\/wp\/v2\/categories?post=12279"},{"taxonomy":"post_tag","embeddable":true,"href":"https:\/\/www.biowallonie.com\/acteursbio\/wp-json\/wp\/v2\/tags?post=12279"}],"curies":[{"name":"wp","href":"https:\/\/api.w.org\/{rel}","templated":true}]}}