{"id":11736,"date":"2018-03-12T12:18:16","date_gmt":"2018-03-12T11:18:16","guid":{"rendered":"https:\/\/www.biowallonie.com\/acteursbio\/parthenaises-famenne\/"},"modified":"2026-02-04T15:02:37","modified_gmt":"2026-02-04T14:02:37","slug":"parthenaises-famenne","status":"publish","type":"post","link":"https:\/\/www.biowallonie.com\/acteursbio\/parthenaises-famenne\/","title":{"rendered":"La ferme des reines des pr\u00e9s"},"content":{"rendered":"<p>M\u00e9lange triticale \/ avoine \/ pois (r\u00e9colte 2019),Herbe et foin\/pr\u00e9fan\u00e9 de prairies,Bovins<\/p>\n","protected":false},"excerpt":{"rendered":"<p>M\u00e9lange triticale \/ avoine \/ pois (r\u00e9colte 2019),Herbe et foin\/pr\u00e9fan\u00e9 de prairies,Bovins<\/p>\n","protected":false},"author":2185,"featured_media":0,"parent":0,"comment_status":"closed","ping_status":"closed","sticky":false,"template":"","format":"standard","meta":{"_acf_changed":false,"_monsterinsights_skip_tracking":false,"_monsterinsights_sitenote_active":false,"_monsterinsights_sitenote_note":"","_monsterinsights_sitenote_category":0,"footnotes":""},"categories":[1],"tags":[],"class_list":["post-11736","post","type-post","status-publish","format-standard","hentry","category-non-classe","province-namur","ville-5570-feschaux","acteurs-producteur","odc-certisys","labels-compl-natureprogres","produits-bovins","produits-grandes-cultures","type-elevage-bovins-viande","type-culture-cultures-fourrageres","cp-10940","villes-feschaux"],"acf":[],"yoast_head":"<!-- This site is optimized with the Yoast SEO plugin v25.9 - https:\/\/yoast.com\/wordpress\/plugins\/seo\/ -->\n<title>La ferme des reines des pr\u00e9s - Les acteurs du bio<\/title>\n<meta name=\"robots\" content=\"index, follow, max-snippet:-1, max-image-preview:large, max-video-preview:-1\" \/>\n<link rel=\"canonical\" href=\"https:\/\/www.biowallonie.com\/acteursbio\/parthenaises-famenne\/\" \/>\n<meta property=\"og:locale\" content=\"fr_FR\" \/>\n<meta property=\"og:type\" content=\"article\" \/>\n<meta property=\"og:title\" content=\"La ferme des reines des pr\u00e9s - Les acteurs du bio\" \/>\n<meta property=\"og:description\" content=\"M\u00e9lange triticale \/ avoine \/ pois (r\u00e9colte 2019),Herbe et foin\/pr\u00e9fan\u00e9 de prairies,Bovins\" \/>\n<meta property=\"og:url\" content=\"https:\/\/www.biowallonie.com\/acteursbio\/parthenaises-famenne\/\" \/>\n<meta property=\"og:site_name\" content=\"Les acteurs du bio\" \/>\n<meta property=\"article:publisher\" content=\"https:\/\/www.facebook.com\/biowallonie\/\" \/>\n<meta property=\"article:published_time\" content=\"2018-03-12T11:18:16+00:00\" \/>\n<meta property=\"article:modified_time\" content=\"2026-02-04T14:02:37+00:00\" \/>\n<meta name=\"author\" content=\"Debaucheron Ren\u00e9e\" \/>\n<meta name=\"twitter:card\" content=\"summary_large_image\" \/>\n<meta name=\"twitter:label1\" content=\"\u00c9crit par\" \/>\n\t<meta name=\"twitter:data1\" content=\"Debaucheron Ren\u00e9e\" \/>\n\t<meta name=\"twitter:label2\" content=\"Dur\u00e9e de lecture estim\u00e9e\" \/>\n\t<meta name=\"twitter:data2\" content=\"1 minute\" \/>\n<script type=\"application\/ld+json\" class=\"yoast-schema-graph\">{\"@context\":\"https:\/\/schema.org\",\"@graph\":[{\"@type\":\"WebPage\",\"@id\":\"https:\/\/www.biowallonie.com\/acteursbio\/parthenaises-famenne\/\",\"url\":\"https:\/\/www.biowallonie.com\/acteursbio\/parthenaises-famenne\/\",\"name\":\"La ferme des reines des pr\u00e9s - Les acteurs du bio\",\"isPartOf\":{\"@id\":\"https:\/\/www.biowallonie.com\/acteursbio\/#website\"},\"datePublished\":\"2018-03-12T11:18:16+00:00\",\"dateModified\":\"2026-02-04T14:02:37+00:00\",\"author\":{\"@id\":\"https:\/\/www.biowallonie.com\/acteursbio\/#\/schema\/person\/e375308ee233b3be1d594604570046eb\"},\"breadcrumb\":{\"@id\":\"https:\/\/www.biowallonie.com\/acteursbio\/parthenaises-famenne\/#breadcrumb\"},\"inLanguage\":\"fr-FR\",\"potentialAction\":[{\"@type\":\"ReadAction\",\"target\":[\"https:\/\/www.biowallonie.com\/acteursbio\/parthenaises-famenne\/\"]}]},{\"@type\":\"BreadcrumbList\",\"@id\":\"https:\/\/www.biowallonie.com\/acteursbio\/parthenaises-famenne\/#breadcrumb\",\"itemListElement\":[{\"@type\":\"ListItem\",\"position\":1,\"name\":\"Accueil\",\"item\":\"https:\/\/www.biowallonie.com\/acteursbio\/\"},{\"@type\":\"ListItem\",\"position\":2,\"name\":\"La ferme des reines des pr\u00e9s\"}]},{\"@type\":\"WebSite\",\"@id\":\"https:\/\/www.biowallonie.com\/acteursbio\/#website\",\"url\":\"https:\/\/www.biowallonie.com\/acteursbio\/\",\"name\":\"Les acteurs du bio\",\"description\":\"Biowallonie\",\"potentialAction\":[{\"@type\":\"SearchAction\",\"target\":{\"@type\":\"EntryPoint\",\"urlTemplate\":\"https:\/\/www.biowallonie.com\/acteursbio\/?s={search_term_string}\"},\"query-input\":{\"@type\":\"PropertyValueSpecification\",\"valueRequired\":true,\"valueName\":\"search_term_string\"}}],\"inLanguage\":\"fr-FR\"},{\"@type\":\"Person\",\"@id\":\"https:\/\/www.biowallonie.com\/acteursbio\/#\/schema\/person\/e375308ee233b3be1d594604570046eb\",\"name\":\"Debaucheron Ren\u00e9e\"}]}<\/script>\n<!-- \/ Yoast SEO plugin. -->","yoast_head_json":{"title":"La ferme des reines des pr\u00e9s - Les acteurs du bio","robots":{"index":"index","follow":"follow","max-snippet":"max-snippet:-1","max-image-preview":"max-image-preview:large","max-video-preview":"max-video-preview:-1"},"canonical":"https:\/\/www.biowallonie.com\/acteursbio\/parthenaises-famenne\/","og_locale":"fr_FR","og_type":"article","og_title":"La ferme des reines des pr\u00e9s - Les acteurs du bio","og_description":"M\u00e9lange triticale \/ avoine \/ pois (r\u00e9colte 2019),Herbe et foin\/pr\u00e9fan\u00e9 de prairies,Bovins","og_url":"https:\/\/www.biowallonie.com\/acteursbio\/parthenaises-famenne\/","og_site_name":"Les acteurs du bio","article_publisher":"https:\/\/www.facebook.com\/biowallonie\/","article_published_time":"2018-03-12T11:18:16+00:00","article_modified_time":"2026-02-04T14:02:37+00:00","author":"Debaucheron Ren\u00e9e","twitter_card":"summary_large_image","twitter_misc":{"\u00c9crit par":"Debaucheron Ren\u00e9e","Dur\u00e9e de lecture estim\u00e9e":"1 minute"},"schema":{"@context":"https:\/\/schema.org","@graph":[{"@type":"WebPage","@id":"https:\/\/www.biowallonie.com\/acteursbio\/parthenaises-famenne\/","url":"https:\/\/www.biowallonie.com\/acteursbio\/parthenaises-famenne\/","name":"La ferme des reines des pr\u00e9s - Les acteurs du bio","isPartOf":{"@id":"https:\/\/www.biowallonie.com\/acteursbio\/#website"},"datePublished":"2018-03-12T11:18:16+00:00","dateModified":"2026-02-04T14:02:37+00:00","author":{"@id":"https:\/\/www.biowallonie.com\/acteursbio\/#\/schema\/person\/e375308ee233b3be1d594604570046eb"},"breadcrumb":{"@id":"https:\/\/www.biowallonie.com\/acteursbio\/parthenaises-famenne\/#breadcrumb"},"inLanguage":"fr-FR","potentialAction":[{"@type":"ReadAction","target":["https:\/\/www.biowallonie.com\/acteursbio\/parthenaises-famenne\/"]}]},{"@type":"BreadcrumbList","@id":"https:\/\/www.biowallonie.com\/acteursbio\/parthenaises-famenne\/#breadcrumb","itemListElement":[{"@type":"ListItem","position":1,"name":"Accueil","item":"https:\/\/www.biowallonie.com\/acteursbio\/"},{"@type":"ListItem","position":2,"name":"La ferme des reines des pr\u00e9s"}]},{"@type":"WebSite","@id":"https:\/\/www.biowallonie.com\/acteursbio\/#website","url":"https:\/\/www.biowallonie.com\/acteursbio\/","name":"Les acteurs du bio","description":"Biowallonie","potentialAction":[{"@type":"SearchAction","target":{"@type":"EntryPoint","urlTemplate":"https:\/\/www.biowallonie.com\/acteursbio\/?s={search_term_string}"},"query-input":{"@type":"PropertyValueSpecification","valueRequired":true,"valueName":"search_term_string"}}],"inLanguage":"fr-FR"},{"@type":"Person","@id":"https:\/\/www.biowallonie.com\/acteursbio\/#\/schema\/person\/e375308ee233b3be1d594604570046eb","name":"Debaucheron Ren\u00e9e"}]}},"_links":{"self":[{"href":"https:\/\/www.biowallonie.com\/acteursbio\/wp-json\/wp\/v2\/posts\/11736","targetHints":{"allow":["GET"]}}],"collection":[{"href":"https:\/\/www.biowallonie.com\/acteursbio\/wp-json\/wp\/v2\/posts"}],"about":[{"href":"https:\/\/www.biowallonie.com\/acteursbio\/wp-json\/wp\/v2\/types\/post"}],"author":[{"embeddable":true,"href":"https:\/\/www.biowallonie.com\/acteursbio\/wp-json\/wp\/v2\/users\/2185"}],"replies":[{"embeddable":true,"href":"https:\/\/www.biowallonie.com\/acteursbio\/wp-json\/wp\/v2\/comments?post=11736"}],"version-history":[{"count":7,"href":"https:\/\/www.biowallonie.com\/acteursbio\/wp-json\/wp\/v2\/posts\/11736\/revisions"}],"predecessor-version":[{"id":46378,"href":"https:\/\/www.biowallonie.com\/acteursbio\/wp-json\/wp\/v2\/posts\/11736\/revisions\/46378"}],"wp:attachment":[{"href":"https:\/\/www.biowallonie.com\/acteursbio\/wp-json\/wp\/v2\/media?parent=11736"}],"wp:term":[{"taxonomy":"category","embeddable":true,"href":"https:\/\/www.biowallonie.com\/acteursbio\/wp-json\/wp\/v2\/categories?post=11736"},{"taxonomy":"post_tag","embeddable":true,"href":"https:\/\/www.biowallonie.com\/acteursbio\/wp-json\/wp\/v2\/tags?post=11736"}],"curies":[{"name":"wp","href":"https:\/\/api.w.org\/{rel}","templated":true}]}}